{"id":339,"date":"2024-05-28T19:55:21","date_gmt":"2024-05-28T19:55:21","guid":{"rendered":"https:\/\/1-rsv-forchheim.de\/?p=339"},"modified":"2024-05-28T19:55:24","modified_gmt":"2024-05-28T19:55:24","slug":"wichtige-informationen-rund-um-die-tour-2024","status":"publish","type":"post","link":"https:\/\/1-rsv-forchheim.de\/?p=339","title":{"rendered":"Wichtige Informationen rund um die Tour 2024!"},"content":{"rendered":"\n<p class=\"has-medium-font-size\">&#8230; von Forchheim -> Krimml &#8211;> Salzburg &#8211;> Passau &#8211;> Regensburg &#8230; <\/p>\n\n\n\n<p>So langsam r\u00fcckt der Start der Tour n\u00e4her. Denn K\u00fcrzlich fand der ausgiebige Infoabend zur Tour 2024 statt. Die Unterk\u00fcnfte sind gebucht und es sind geringe Restpl\u00e4tze verf\u00fcgbar. <\/p>\n\n\n\n<p><\/p>\n\n\n\n<p>Hier steht euch alles Wichtige rum um die Tour zum ausf\u00fchrlichen Lesen oder Download zur Verf\u00fcgung.<\/p>\n\n\n\n<p>Bitte entnehmt alles Wichtige dem anliegenden Dokument. Bei Fragen wendet euch wie immer an unseren Vorstand und das Orga-Team zur Tour, gerne hier \u00fcber den Kontakt.<\/p>\n\n\n\n<p>Wir freuen uns alle sehr, dass wir bald starten k\u00f6nnen. <\/p>\n\n\n\n<div data-wp-interactive=\"core\/file\" class=\"wp-block-file\"><object data-wp-bind--hidden=\"!state.hasPdfPreview\" hidden class=\"wp-block-file__embed\" data=\"https:\/\/1-rsv-forchheim.de\/wp-content\/uploads\/2024\/05\/2024_Radtour_Infoveranstaltung_240526_191536.pdf\" type=\"application\/pdf\" style=\"width:100%;height:600px\" aria-label=\"Einbettung von Alle wichtigen Infos zur Tour.\"><\/object><a id=\"wp-block-file--media-aa86c1cb-32e1-400b-a3a0-6fa2a2613c4d\" href=\"https:\/\/1-rsv-forchheim.de\/wp-content\/uploads\/2024\/05\/2024_Radtour_Infoveranstaltung_240526_191536.pdf\">Alle wichtigen Infos zur Tour<\/a><a href=\"https:\/\/1-rsv-forchheim.de\/wp-content\/uploads\/2024\/05\/2024_Radtour_Infoveranstaltung_240526_191536.pdf\" class=\"wp-block-file__button wp-element-button\" download aria-describedby=\"wp-block-file--media-aa86c1cb-32e1-400b-a3a0-6fa2a2613c4d\">Herunterladen<\/a><\/div>\n","protected":false},"excerpt":{"rendered":"<p>&#8230; von Forchheim -> Krimml &#8211;> Salzburg &#8211;> Passau &#8211;> Regensburg &#8230; So langsam r\u00fcckt der Start der Tour n\u00e4her. Denn K\u00fcrzlich fand der ausgiebige Infoabend zur Tour 2024 statt. Die Unterk\u00fcnfte sind gebucht und es sind geringe Restpl\u00e4tze verf\u00fcgbar. Hier steht euch alles Wichtige&nbsp;<a class=\"read-more\" href=\"https:\/\/1-rsv-forchheim.de\/?p=339\">&hellip;<\/a><\/p>\n","protected":false},"author":1,"featured_media":0,"comment_status":"open","ping_status":"open","sticky":false,"template":"","format":"standard","meta":{"footnotes":""},"categories":[1],"tags":[18,24,20,9],"class_list":["post-339","post","type-post","status-publish","format-standard","hentry","category-uncategorized","tag-18","tag-info","tag-radtour","tag-tour-2024"],"_links":{"self":[{"href":"https:\/\/1-rsv-forchheim.de\/index.php?rest_route=\/wp\/v2\/posts\/339","targetHints":{"allow":["GET"]}}],"collection":[{"href":"https:\/\/1-rsv-forchheim.de\/index.php?rest_route=\/wp\/v2\/posts"}],"about":[{"href":"https:\/\/1-rsv-forchheim.de\/index.php?rest_route=\/wp\/v2\/types\/post"}],"author":[{"embeddable":true,"href":"https:\/\/1-rsv-forchheim.de\/index.php?rest_route=\/wp\/v2\/users\/1"}],"replies":[{"embeddable":true,"href":"https:\/\/1-rsv-forchheim.de\/index.php?rest_route=%2Fwp%2Fv2%2Fcomments&post=339"}],"version-history":[{"count":2,"href":"https:\/\/1-rsv-forchheim.de\/index.php?rest_route=\/wp\/v2\/posts\/339\/revisions"}],"predecessor-version":[{"id":342,"href":"https:\/\/1-rsv-forchheim.de\/index.php?rest_route=\/wp\/v2\/posts\/339\/revisions\/342"}],"wp:attachment":[{"href":"https:\/\/1-rsv-forchheim.de\/index.php?rest_route=%2Fwp%2Fv2%2Fmedia&parent=339"}],"wp:term":[{"taxonomy":"category","embeddable":true,"href":"https:\/\/1-rsv-forchheim.de\/index.php?rest_route=%2Fwp%2Fv2%2Fcategories&post=339"},{"taxonomy":"post_tag","embeddable":true,"href":"https:\/\/1-rsv-forchheim.de\/index.php?rest_route=%2Fwp%2Fv2%2Ftags&post=339"}],"curies":[{"name":"wp","href":"https:\/\/api.w.org\/{rel}","templated":true}]}}